{"id":4868,"date":"2020-02-07T20:23:45","date_gmt":"2020-02-08T01:23:45","guid":{"rendered":"https:\/\/www.educacionbilingue.gob.ec\/?p=4868"},"modified":"2020-02-11T17:30:01","modified_gmt":"2020-02-11T22:30:01","slug":"autoridades-de-la-seseib-y-mineduc-visitaron-la-unidad-educativa-hualcopolo-duchicela-en-la-provincia-de-chimborazo","status":"publish","type":"post","link":"https:\/\/educacionbilingue.gob.ec\/?p=4868","title":{"rendered":"Autoridades de la SESEIB y MINEDUC visitaron la Unidad Educativa Hualcopolo Duchicela en la provincia de Chimborazo"},"content":{"rendered":"<p><a href=\"https:\/\/186.47.98.24\/wp-content\/uploads\/2020\/02\/5.jpg\"><img fetchpriority=\"high\" decoding=\"async\" class=\"wp-image-4869 alignleft\" src=\"https:\/\/186.47.98.24\/wp-content\/uploads\/2020\/02\/5.jpg\" alt=\"\" width=\"480\" height=\"393\" srcset=\"https:\/\/educacionbilingue.gob.ec\/wp-content\/uploads\/2020\/02\/5.jpg 2362w, https:\/\/educacionbilingue.gob.ec\/wp-content\/uploads\/2020\/02\/5-300x245.jpg 300w, https:\/\/educacionbilingue.gob.ec\/wp-content\/uploads\/2020\/02\/5-1024x837.jpg 1024w, https:\/\/educacionbilingue.gob.ec\/wp-content\/uploads\/2020\/02\/5-768x628.jpg 768w, https:\/\/educacionbilingue.gob.ec\/wp-content\/uploads\/2020\/02\/5-1536x1255.jpg 1536w, https:\/\/educacionbilingue.gob.ec\/wp-content\/uploads\/2020\/02\/5-2048x1673.jpg 2048w\" sizes=\"(max-width: 480px) 100vw, 480px\" \/><\/a>El secretario de Educaci\u00f3n Intercultural Biling\u00fce, R\u00f3mulo Antun y la ministra de Educaci\u00f3n, Monserrat Creamer visitaron la Unidad Educativa Intercultural Biling\u00fce \u201cHualcopo Duchicela\u201d, ubicada en la parroquia Columbe, en el cant\u00f3n Colta, de la provincia de Chimborazo.<br \/>\nEn su visita, recorrieron las instalaciones de este plantel y verificaron el proceso de aprendizaje de los estudiantes de Bachillerato T\u00e9cnico en entornos reales, lo cual les permite desarrollar sus competencias. Esta unidad educativa cuenta con 1.200 estudiantes quienes se preparan en diferentes \u00e1reas t\u00e9cnicas.<br \/>\nMonserrat Creamer, m\u00e1xima autoridad de Educaci\u00f3n, manifest\u00f3: \u201cTrabajamos en el fortalecimiento del Bachillerato t\u00e9cnico, se ha establecido alianzas interinstitucionales para la inserci\u00f3n en la vida laboral de los estudiantes, a lo largo de la educaci\u00f3n reforzamos una cultura emprendedora\u201d.<br \/>\nEl secretario de Educaci\u00f3n Intercultural Biling\u00fce, R\u00f3mulo Antun, en su visita a la Unidad Educativa \u201cHualcopolo Duchicela\u201d, particip\u00f3 en la firma del Convenio Interinstitucional entre el Ministerio de Educaci\u00f3n y el GAD de Guamote.<br \/>\nEl evento se desarroll\u00f3, en el cant\u00f3n Guamote y cont\u00f3 con la participaci\u00f3n de estudiantes, docentes, padres de familia y autoridades de educaci\u00f3n.<br \/>\nMediante este convenio, el Ministerio de Educaci\u00f3n a trav\u00e9s de la Coordinaci\u00f3n Zonal 3, autoriza al Gobierno Aut\u00f3nomo Descentralizado Municipal del Cant\u00f3n Guamote, para que realice la construcci\u00f3n de infraestructura f\u00edsica, mantenimiento, mejoramiento, as\u00ed como la dotaci\u00f3n de equipamiento tecnol\u00f3gico y mobiliario en 11 unidades educativas del cant\u00f3n Guamote.<br \/>\nPor su parte, R\u00f3mulo Antun, secretario de la SESEIB, se dirigi\u00f3 al p\u00fablico y resalt\u00f3 los esfuerzos que realiza el Gobierno Nacional y la ministra de Educaci\u00f3n para fortalecer la Educaci\u00f3n Intercultural Biling\u00fce.<\/p>\n<p><a href=\"https:\/\/186.47.98.24\/hualcopo-duchicela-ishkayshimi-yachayta-seseib-shinallatak-mineduc-pushakkunaka-rikunaman-rirka\/\" target=\"_blank\" rel=\"noopener noreferrer\">Leer en Kichwa<\/a><\/p>\n","protected":false},"excerpt":{"rendered":"<p class=\"excerpt\">El secretario de Educaci\u00f3n Intercultural Biling\u00fce, R\u00f3mulo Antun y la ministra de Educaci\u00f3n, Monserrat Creamer visitaron la Unidad Educativa Intercultural Biling\u00fce \u201cHualcopo Duchicela\u201d, ubicada en la parroquia Columbe, en el cant\u00f3n Colta, de la provincia de Chimborazo. En su visita, recorrieron las instalaciones de este plantel y verificaron el proceso de aprendizaje de los estudiantes de Bachillerato T\u00e9cnico en entornos&hellip; <a href=\"https:\/\/educacionbilingue.gob.ec\/?p=4868\">Read more &rarr;<\/a><\/p>\n","protected":false},"author":4,"featured_media":0,"comment_status":"closed","ping_status":"closed","sticky":false,"template":"","format":"standard","meta":{"footnotes":""},"categories":[5,6],"tags":[],"class_list":["post-4868","post","type-post","status-publish","format-standard","hentry","category-noticias","category-noticias-destacadas","xfolkentry"],"yoast_head":"<!-- This site is optimized with the Yoast SEO plugin v27.4 - https:\/\/yoast.com\/product\/yoast-seo-wordpress\/ -->\n<title>Autoridades de la SESEIB y MINEDUC visitaron la Unidad Educativa Hualcopolo Duchicela en la provincia de Chimborazo - SEIBE - Secretar\u00eda de Educaci\u00f3n Intercultural Biling\u00fce y la Etnoeducaci\u00f3n<\/title>\n<meta name=\"robots\" content=\"index, follow, max-snippet:-1, max-image-preview:large, max-video-preview:-1\" \/>\n<link rel=\"canonical\" href=\"https:\/\/educacionbilingue.gob.ec\/?p=4868\" \/>\n<meta property=\"og:locale\" content=\"es_ES\" \/>\n<meta property=\"og:type\" content=\"article\" \/>\n<meta property=\"og:title\" content=\"Autoridades de la SESEIB y MINEDUC visitaron la Unidad Educativa Hualcopolo Duchicela en la provincia de Chimborazo - SEIBE - Secretar\u00eda de Educaci\u00f3n Intercultural Biling\u00fce y la Etnoeducaci\u00f3n\" \/>\n<meta property=\"og:description\" content=\"El secretario de Educaci\u00f3n Intercultural Biling\u00fce, R\u00f3mulo Antun y la ministra de Educaci\u00f3n, Monserrat Creamer visitaron la Unidad Educativa Intercultural Biling\u00fce \u201cHualcopo Duchicela\u201d, ubicada en la parroquia Columbe, en el cant\u00f3n Colta, de la provincia de Chimborazo. En su visita, recorrieron las instalaciones de este plantel y verificaron el proceso de aprendizaje de los estudiantes de Bachillerato T\u00e9cnico en entornos&hellip; Read more &rarr;\" \/>\n<meta property=\"og:url\" content=\"https:\/\/educacionbilingue.gob.ec\/?p=4868\" \/>\n<meta property=\"og:site_name\" content=\"SEIBE - Secretar\u00eda de Educaci\u00f3n Intercultural Biling\u00fce y la Etnoeducaci\u00f3n\" \/>\n<meta property=\"article:publisher\" content=\"https:\/\/www.facebook.com\/SEIBEec\/\" \/>\n<meta property=\"article:published_time\" content=\"2020-02-08T01:23:45+00:00\" \/>\n<meta property=\"article:modified_time\" content=\"2020-02-11T22:30:01+00:00\" \/>\n<meta property=\"og:image\" content=\"https:\/\/186.47.98.24\/wp-content\/uploads\/2020\/02\/5.jpg\" \/>\n<meta name=\"twitter:card\" content=\"summary_large_image\" \/>\n<meta name=\"twitter:label1\" content=\"Escrito por\" \/>\n\t<meta name=\"twitter:data1\" content=\"\" \/>\n\t<meta name=\"twitter:label2\" content=\"Tiempo de lectura\" \/>\n\t<meta name=\"twitter:data2\" content=\"1 minuto\" \/>\n<script type=\"application\/ld+json\" class=\"yoast-schema-graph\">{\"@context\":\"https:\\\/\\\/schema.org\",\"@graph\":[{\"@type\":\"Article\",\"@id\":\"https:\\\/\\\/educacionbilingue.gob.ec\\\/?p=4868#article\",\"isPartOf\":{\"@id\":\"https:\\\/\\\/educacionbilingue.gob.ec\\\/?p=4868\"},\"author\":{\"name\":\"\",\"@id\":\"\"},\"headline\":\"Autoridades de la SESEIB y MINEDUC visitaron la Unidad Educativa Hualcopolo Duchicela en la provincia de Chimborazo\",\"datePublished\":\"2020-02-08T01:23:45+00:00\",\"dateModified\":\"2020-02-11T22:30:01+00:00\",\"mainEntityOfPage\":{\"@id\":\"https:\\\/\\\/educacionbilingue.gob.ec\\\/?p=4868\"},\"wordCount\":312,\"publisher\":{\"@id\":\"https:\\\/\\\/educacionbilingue.gob.ec\\\/#organization\"},\"image\":{\"@id\":\"https:\\\/\\\/educacionbilingue.gob.ec\\\/?p=4868#primaryimage\"},\"thumbnailUrl\":\"https:\\\/\\\/186.47.98.24\\\/wp-content\\\/uploads\\\/2020\\\/02\\\/5.jpg\",\"articleSection\":[\"Noticias\",\"Noticias destacadas\"],\"inLanguage\":\"es\"},{\"@type\":\"WebPage\",\"@id\":\"https:\\\/\\\/educacionbilingue.gob.ec\\\/?p=4868\",\"url\":\"https:\\\/\\\/educacionbilingue.gob.ec\\\/?p=4868\",\"name\":\"Autoridades de la SESEIB y MINEDUC visitaron la Unidad Educativa Hualcopolo Duchicela en la provincia de Chimborazo - SEIBE - Secretar\u00eda de Educaci\u00f3n Intercultural Biling\u00fce y la Etnoeducaci\u00f3n\",\"isPartOf\":{\"@id\":\"https:\\\/\\\/educacionbilingue.gob.ec\\\/#website\"},\"primaryImageOfPage\":{\"@id\":\"https:\\\/\\\/educacionbilingue.gob.ec\\\/?p=4868#primaryimage\"},\"image\":{\"@id\":\"https:\\\/\\\/educacionbilingue.gob.ec\\\/?p=4868#primaryimage\"},\"thumbnailUrl\":\"https:\\\/\\\/186.47.98.24\\\/wp-content\\\/uploads\\\/2020\\\/02\\\/5.jpg\",\"datePublished\":\"2020-02-08T01:23:45+00:00\",\"dateModified\":\"2020-02-11T22:30:01+00:00\",\"breadcrumb\":{\"@id\":\"https:\\\/\\\/educacionbilingue.gob.ec\\\/?p=4868#breadcrumb\"},\"inLanguage\":\"es\",\"potentialAction\":[{\"@type\":\"ReadAction\",\"target\":[\"https:\\\/\\\/educacionbilingue.gob.ec\\\/?p=4868\"]}]},{\"@type\":\"ImageObject\",\"inLanguage\":\"es\",\"@id\":\"https:\\\/\\\/educacionbilingue.gob.ec\\\/?p=4868#primaryimage\",\"url\":\"https:\\\/\\\/186.47.98.24\\\/wp-content\\\/uploads\\\/2020\\\/02\\\/5.jpg\",\"contentUrl\":\"https:\\\/\\\/186.47.98.24\\\/wp-content\\\/uploads\\\/2020\\\/02\\\/5.jpg\"},{\"@type\":\"BreadcrumbList\",\"@id\":\"https:\\\/\\\/educacionbilingue.gob.ec\\\/?p=4868#breadcrumb\",\"itemListElement\":[{\"@type\":\"ListItem\",\"position\":1,\"name\":\"Portada\",\"item\":\"https:\\\/\\\/educacionbilingue.gob.ec\\\/\"},{\"@type\":\"ListItem\",\"position\":2,\"name\":\"Autoridades de la SESEIB y MINEDUC visitaron la Unidad Educativa Hualcopolo Duchicela en la provincia de Chimborazo\"}]},{\"@type\":\"WebSite\",\"@id\":\"https:\\\/\\\/educacionbilingue.gob.ec\\\/#website\",\"url\":\"https:\\\/\\\/educacionbilingue.gob.ec\\\/\",\"name\":\"SEIBE - Secretar\u00eda de Educaci\u00f3n Intercultural Biling\u00fce y la Etnoeducaci\u00f3n\",\"description\":\"Secretar\u00eda de Educaci\u00f3n Intercultural Biling\u00fce y la Etnoeducaci\u00f3n\",\"publisher\":{\"@id\":\"https:\\\/\\\/educacionbilingue.gob.ec\\\/#organization\"},\"alternateName\":\"SEIBE\",\"potentialAction\":[{\"@type\":\"SearchAction\",\"target\":{\"@type\":\"EntryPoint\",\"urlTemplate\":\"https:\\\/\\\/educacionbilingue.gob.ec\\\/?s={search_term_string}\"},\"query-input\":{\"@type\":\"PropertyValueSpecification\",\"valueRequired\":true,\"valueName\":\"search_term_string\"}}],\"inLanguage\":\"es\"},{\"@type\":\"Organization\",\"@id\":\"https:\\\/\\\/educacionbilingue.gob.ec\\\/#organization\",\"name\":\"SEIBE - Secretar\u00eda de Educaci\u00f3n Intercultural Biling\u00fce y la Etnoeducaci\u00f3n\",\"url\":\"https:\\\/\\\/educacionbilingue.gob.ec\\\/\",\"logo\":{\"@type\":\"ImageObject\",\"inLanguage\":\"es\",\"@id\":\"https:\\\/\\\/educacionbilingue.gob.ec\\\/#\\\/schema\\\/logo\\\/image\\\/\",\"url\":\"https:\\\/\\\/educacionbilingue.gob.ec\\\/wp-content\\\/uploads\\\/2025\\\/05\\\/logo-horizontal@4x.png\",\"contentUrl\":\"https:\\\/\\\/educacionbilingue.gob.ec\\\/wp-content\\\/uploads\\\/2025\\\/05\\\/logo-horizontal@4x.png\",\"width\":1889,\"height\":456,\"caption\":\"SEIBE - Secretar\u00eda de Educaci\u00f3n Intercultural Biling\u00fce y la Etnoeducaci\u00f3n\"},\"image\":{\"@id\":\"https:\\\/\\\/educacionbilingue.gob.ec\\\/#\\\/schema\\\/logo\\\/image\\\/\"},\"sameAs\":[\"https:\\\/\\\/www.facebook.com\\\/SEIBEec\\\/\"]},{\"@type\":\"Person\",\"@id\":\"\",\"url\":\"https:\\\/\\\/educacionbilingue.gob.ec\\\/?author=4\"}]}<\/script>\n<!-- \/ Yoast SEO plugin. -->","yoast_head_json":{"title":"Autoridades de la SESEIB y MINEDUC visitaron la Unidad Educativa Hualcopolo Duchicela en la provincia de Chimborazo - SEIBE - Secretar\u00eda de Educaci\u00f3n Intercultural Biling\u00fce y la Etnoeducaci\u00f3n","robots":{"index":"index","follow":"follow","max-snippet":"max-snippet:-1","max-image-preview":"max-image-preview:large","max-video-preview":"max-video-preview:-1"},"canonical":"https:\/\/educacionbilingue.gob.ec\/?p=4868","og_locale":"es_ES","og_type":"article","og_title":"Autoridades de la SESEIB y MINEDUC visitaron la Unidad Educativa Hualcopolo Duchicela en la provincia de Chimborazo - SEIBE - Secretar\u00eda de Educaci\u00f3n Intercultural Biling\u00fce y la Etnoeducaci\u00f3n","og_description":"El secretario de Educaci\u00f3n Intercultural Biling\u00fce, R\u00f3mulo Antun y la ministra de Educaci\u00f3n, Monserrat Creamer visitaron la Unidad Educativa Intercultural Biling\u00fce \u201cHualcopo Duchicela\u201d, ubicada en la parroquia Columbe, en el cant\u00f3n Colta, de la provincia de Chimborazo. En su visita, recorrieron las instalaciones de este plantel y verificaron el proceso de aprendizaje de los estudiantes de Bachillerato T\u00e9cnico en entornos&hellip; Read more &rarr;","og_url":"https:\/\/educacionbilingue.gob.ec\/?p=4868","og_site_name":"SEIBE - Secretar\u00eda de Educaci\u00f3n Intercultural Biling\u00fce y la Etnoeducaci\u00f3n","article_publisher":"https:\/\/www.facebook.com\/SEIBEec\/","article_published_time":"2020-02-08T01:23:45+00:00","article_modified_time":"2020-02-11T22:30:01+00:00","og_image":[{"url":"https:\/\/186.47.98.24\/wp-content\/uploads\/2020\/02\/5.jpg","type":"","width":"","height":""}],"twitter_card":"summary_large_image","twitter_misc":{"Escrito por":"","Tiempo de lectura":"1 minuto"},"schema":{"@context":"https:\/\/schema.org","@graph":[{"@type":"Article","@id":"https:\/\/educacionbilingue.gob.ec\/?p=4868#article","isPartOf":{"@id":"https:\/\/educacionbilingue.gob.ec\/?p=4868"},"author":{"name":"","@id":""},"headline":"Autoridades de la SESEIB y MINEDUC visitaron la Unidad Educativa Hualcopolo Duchicela en la provincia de Chimborazo","datePublished":"2020-02-08T01:23:45+00:00","dateModified":"2020-02-11T22:30:01+00:00","mainEntityOfPage":{"@id":"https:\/\/educacionbilingue.gob.ec\/?p=4868"},"wordCount":312,"publisher":{"@id":"https:\/\/educacionbilingue.gob.ec\/#organization"},"image":{"@id":"https:\/\/educacionbilingue.gob.ec\/?p=4868#primaryimage"},"thumbnailUrl":"https:\/\/186.47.98.24\/wp-content\/uploads\/2020\/02\/5.jpg","articleSection":["Noticias","Noticias destacadas"],"inLanguage":"es"},{"@type":"WebPage","@id":"https:\/\/educacionbilingue.gob.ec\/?p=4868","url":"https:\/\/educacionbilingue.gob.ec\/?p=4868","name":"Autoridades de la SESEIB y MINEDUC visitaron la Unidad Educativa Hualcopolo Duchicela en la provincia de Chimborazo - SEIBE - Secretar\u00eda de Educaci\u00f3n Intercultural Biling\u00fce y la Etnoeducaci\u00f3n","isPartOf":{"@id":"https:\/\/educacionbilingue.gob.ec\/#website"},"primaryImageOfPage":{"@id":"https:\/\/educacionbilingue.gob.ec\/?p=4868#primaryimage"},"image":{"@id":"https:\/\/educacionbilingue.gob.ec\/?p=4868#primaryimage"},"thumbnailUrl":"https:\/\/186.47.98.24\/wp-content\/uploads\/2020\/02\/5.jpg","datePublished":"2020-02-08T01:23:45+00:00","dateModified":"2020-02-11T22:30:01+00:00","breadcrumb":{"@id":"https:\/\/educacionbilingue.gob.ec\/?p=4868#breadcrumb"},"inLanguage":"es","potentialAction":[{"@type":"ReadAction","target":["https:\/\/educacionbilingue.gob.ec\/?p=4868"]}]},{"@type":"ImageObject","inLanguage":"es","@id":"https:\/\/educacionbilingue.gob.ec\/?p=4868#primaryimage","url":"https:\/\/186.47.98.24\/wp-content\/uploads\/2020\/02\/5.jpg","contentUrl":"https:\/\/186.47.98.24\/wp-content\/uploads\/2020\/02\/5.jpg"},{"@type":"BreadcrumbList","@id":"https:\/\/educacionbilingue.gob.ec\/?p=4868#breadcrumb","itemListElement":[{"@type":"ListItem","position":1,"name":"Portada","item":"https:\/\/educacionbilingue.gob.ec\/"},{"@type":"ListItem","position":2,"name":"Autoridades de la SESEIB y MINEDUC visitaron la Unidad Educativa Hualcopolo Duchicela en la provincia de Chimborazo"}]},{"@type":"WebSite","@id":"https:\/\/educacionbilingue.gob.ec\/#website","url":"https:\/\/educacionbilingue.gob.ec\/","name":"SEIBE - Secretar\u00eda de Educaci\u00f3n Intercultural Biling\u00fce y la Etnoeducaci\u00f3n","description":"Secretar\u00eda de Educaci\u00f3n Intercultural Biling\u00fce y la Etnoeducaci\u00f3n","publisher":{"@id":"https:\/\/educacionbilingue.gob.ec\/#organization"},"alternateName":"SEIBE","potentialAction":[{"@type":"SearchAction","target":{"@type":"EntryPoint","urlTemplate":"https:\/\/educacionbilingue.gob.ec\/?s={search_term_string}"},"query-input":{"@type":"PropertyValueSpecification","valueRequired":true,"valueName":"search_term_string"}}],"inLanguage":"es"},{"@type":"Organization","@id":"https:\/\/educacionbilingue.gob.ec\/#organization","name":"SEIBE - Secretar\u00eda de Educaci\u00f3n Intercultural Biling\u00fce y la Etnoeducaci\u00f3n","url":"https:\/\/educacionbilingue.gob.ec\/","logo":{"@type":"ImageObject","inLanguage":"es","@id":"https:\/\/educacionbilingue.gob.ec\/#\/schema\/logo\/image\/","url":"https:\/\/educacionbilingue.gob.ec\/wp-content\/uploads\/2025\/05\/logo-horizontal@4x.png","contentUrl":"https:\/\/educacionbilingue.gob.ec\/wp-content\/uploads\/2025\/05\/logo-horizontal@4x.png","width":1889,"height":456,"caption":"SEIBE - Secretar\u00eda de Educaci\u00f3n Intercultural Biling\u00fce y la Etnoeducaci\u00f3n"},"image":{"@id":"https:\/\/educacionbilingue.gob.ec\/#\/schema\/logo\/image\/"},"sameAs":["https:\/\/www.facebook.com\/SEIBEec\/"]},{"@type":"Person","@id":"","url":"https:\/\/educacionbilingue.gob.ec\/?author=4"}]}},"_links":{"self":[{"href":"https:\/\/educacionbilingue.gob.ec\/index.php?rest_route=\/wp\/v2\/posts\/4868","targetHints":{"allow":["GET"]}}],"collection":[{"href":"https:\/\/educacionbilingue.gob.ec\/index.php?rest_route=\/wp\/v2\/posts"}],"about":[{"href":"https:\/\/educacionbilingue.gob.ec\/index.php?rest_route=\/wp\/v2\/types\/post"}],"author":[{"embeddable":true,"href":"https:\/\/educacionbilingue.gob.ec\/index.php?rest_route=\/wp\/v2\/users\/4"}],"replies":[{"embeddable":true,"href":"https:\/\/educacionbilingue.gob.ec\/index.php?rest_route=%2Fwp%2Fv2%2Fcomments&post=4868"}],"version-history":[{"count":3,"href":"https:\/\/educacionbilingue.gob.ec\/index.php?rest_route=\/wp\/v2\/posts\/4868\/revisions"}],"predecessor-version":[{"id":4901,"href":"https:\/\/educacionbilingue.gob.ec\/index.php?rest_route=\/wp\/v2\/posts\/4868\/revisions\/4901"}],"wp:attachment":[{"href":"https:\/\/educacionbilingue.gob.ec\/index.php?rest_route=%2Fwp%2Fv2%2Fmedia&parent=4868"}],"wp:term":[{"taxonomy":"category","embeddable":true,"href":"https:\/\/educacionbilingue.gob.ec\/index.php?rest_route=%2Fwp%2Fv2%2Fcategories&post=4868"},{"taxonomy":"post_tag","embeddable":true,"href":"https:\/\/educacionbilingue.gob.ec\/index.php?rest_route=%2Fwp%2Fv2%2Ftags&post=4868"}],"curies":[{"name":"wp","href":"https:\/\/api.w.org\/{rel}","templated":true}]}}